{"id":1,"date":"2022-08-29T11:56:06","date_gmt":"2022-08-29T11:56:06","guid":{"rendered":"https:\/\/copyfix.hu\/?p=1"},"modified":"2023-01-02T13:29:50","modified_gmt":"2023-01-02T13:29:50","slug":"hello-world","status":"publish","type":"post","link":"https:\/\/copyfix.hu\/index.php\/2022\/08\/29\/hello-world\/","title":{"rendered":"Amikor be\u00fct a baj!"},"content":{"rendered":"\n<p>\u201e- Minden lap elakad! \u00a0&#8211; Begy\u0171rte \u00e9s beszakad! \u2013 Cs\u00edkoz! \u2013 \u00a0Ne s\u00edpolj , nyomtass!&#8230; \u00a0<br>Mindig \u00e9pp akkor t\u00f6rt\u00e9nik, amikor a legnagyobb sz\u00fcks\u00e9g van a nyomtat\u00f3ra (igaz\u00e1b\u00f3l ink\u00e1bb csak akkor vessz\u00fck \u00e9szre). <br>Nem kell p\u00e1nikba esni, a hib\u00e1k nagyr\u00e9sze ideiglenesen \u00e1thidalhat\u00f3: <br>&#8211; haszn\u00e1ljuk a m\u00e1sodik pap\u00edrt\u00e1lc\u00e1t, vagy forgassuk el kilencven fokkal a pap\u00edrk\u00f6teget, vagy haszn\u00e1ljuk a k\u00e9zit\u00e1lc\u00e1t\u2026 <br>A technikus meg\u00e9rkez\u00e9s\u00e9ig sz\u00edvesen seg\u00edt\u00fcnk telefonon, amihez a hiba min\u00e9l pontosabb ismeret\u00e9re van sz\u00fcks\u00e9g\u00fcnk. A seg\u00edt\u0151k\u00e9sz \u00fcgyf\u00e9l, seg\u00edt\u0151k\u00e9sz szak\u00e9rt\u0151vel egy\u00fctt csod\u00e1kra lehet k\u00e9pes. \ud83d\ude0a<\/p>\n","protected":false},"excerpt":{"rendered":"<p>\u201e- Minden lap elakad! \u00a0&#8211; Begy\u0171rte \u00e9s beszakad! \u2013 Cs\u00edkoz! \u2013 \u00a0Ne s\u00edpolj , nyomtass!&#8230; \u00a0Mindig \u00e9pp akkor t\u00f6rt\u00e9nik, amikor a legnagyobb sz\u00fcks\u00e9g van a nyomtat\u00f3ra (igaz\u00e1b\u00f3l ink\u00e1bb csak akkor vessz\u00fck \u00e9szre). Nem kell p\u00e1nikba esni, a hib\u00e1k nagyr\u00e9sze ideiglenesen \u00e1thidalhat\u00f3: &#8211; haszn\u00e1ljuk a m\u00e1sodik pap\u00edrt\u00e1lc\u00e1t, vagy forgassuk el kilencven fokkal a pap\u00edrk\u00f6teget, vagy haszn\u00e1ljuk&hellip; <a class=\"more-link\" href=\"https:\/\/copyfix.hu\/index.php\/2022\/08\/29\/hello-world\/\"><span class=\"screen-reader-text\">Amikor be\u00fct a baj!<\/span> olvas\u00e1s\u00e1nak folytat\u00e1sa<\/a><\/p>\n","protected":false},"author":1,"featured_media":0,"comment_status":"open","ping_status":"open","sticky":false,"template":"","format":"standard","meta":{"footnotes":""},"categories":[1],"tags":[],"class_list":["post-1","post","type-post","status-publish","format-standard","hentry","category-uncategorized","entry"],"_links":{"self":[{"href":"https:\/\/copyfix.hu\/index.php\/wp-json\/wp\/v2\/posts\/1","targetHints":{"allow":["GET"]}}],"collection":[{"href":"https:\/\/copyfix.hu\/index.php\/wp-json\/wp\/v2\/posts"}],"about":[{"href":"https:\/\/copyfix.hu\/index.php\/wp-json\/wp\/v2\/types\/post"}],"author":[{"embeddable":true,"href":"https:\/\/copyfix.hu\/index.php\/wp-json\/wp\/v2\/users\/1"}],"replies":[{"embeddable":true,"href":"https:\/\/copyfix.hu\/index.php\/wp-json\/wp\/v2\/comments?post=1"}],"version-history":[{"count":3,"href":"https:\/\/copyfix.hu\/index.php\/wp-json\/wp\/v2\/posts\/1\/revisions"}],"predecessor-version":[{"id":32,"href":"https:\/\/copyfix.hu\/index.php\/wp-json\/wp\/v2\/posts\/1\/revisions\/32"}],"wp:attachment":[{"href":"https:\/\/copyfix.hu\/index.php\/wp-json\/wp\/v2\/media?parent=1"}],"wp:term":[{"taxonomy":"category","embeddable":true,"href":"https:\/\/copyfix.hu\/index.php\/wp-json\/wp\/v2\/categories?post=1"},{"taxonomy":"post_tag","embeddable":true,"href":"https:\/\/copyfix.hu\/index.php\/wp-json\/wp\/v2\/tags?post=1"}],"curies":[{"name":"wp","href":"https:\/\/api.w.org\/{rel}","templated":true}]}}